{"id":2988,"date":"2025-04-04T15:36:52","date_gmt":"2025-04-04T13:36:52","guid":{"rendered":"https:\/\/offb.no\/?p=2988"},"modified":"2025-05-07T14:38:04","modified_gmt":"2025-05-07T12:38:04","slug":"beredskapskonferansen-2025-fortsatt-ledige-billetter","status":"publish","type":"post","link":"https:\/\/offb.no\/en\/beredskapskonferansen-2025-fortsatt-ledige-billetter\/","title":{"rendered":"Beredskapskonferansen 2025: Fortsatt ledige billetter"},"content":{"rendered":"<p>Beredskapskonferansen er et samarbeid mellom Havindustritilsynet, Operat\u00f8renes forening for beredskap (OFFB), Offshore Norge, fagforbundet Styrke og Kystverket.<\/p>\n\n\n\n<p>Siden oppstarten har konferansen v\u00e6rt Norges viktigste arena for erfaringsutveksling og samarbeid om beredskapssp\u00f8rsm\u00e5l for alle partene i arbeidslivet \u2013 inkludert myndigheter, arbeidstakere og arbeidsgivere i offentlige og private virksomheter, fagorganisasjoner, politi, forsvar og akademia.<\/p>\n\n\n\n<p><strong>Mer informasjon: <\/strong><a href=\"https:\/\/www.beredskapskonferansen.no\/\"><strong>https:\/\/www.beredskapskonferansen.no\/<\/strong><\/a><\/p>\n\n\n\n<p>Bakteppet for \u00e5rets Beredskapskonferanse er den alvorlige sikkerhetspolitiske situasjonen i Europa og Norges rolle som en sikker energileverand\u00f8r, forteller Erling Holmefjord i Styrke, som sammen med daglig leder i OFFB, Ole Jacob Haug, leder programkomiteen til konferansen.<\/p>\n\n\n\n<figure class=\"wp-block-image size-large is-resized\"><img fetchpriority=\"high\" decoding=\"async\" src=\"https:\/\/offb.no\/wp-content\/uploads\/2025\/04\/DSC_3620-1024x683.jpg\" alt=\"\" class=\"wp-image-2989\" width=\"610\" height=\"406\" srcset=\"https:\/\/offb.no\/wp-content\/uploads\/2025\/04\/DSC_3620-1024x683.jpg 1024w, https:\/\/offb.no\/wp-content\/uploads\/2025\/04\/DSC_3620-300x200.jpg 300w, https:\/\/offb.no\/wp-content\/uploads\/2025\/04\/DSC_3620-768x512.jpg 768w, https:\/\/offb.no\/wp-content\/uploads\/2025\/04\/DSC_3620-1536x1024.jpg 1536w, https:\/\/offb.no\/wp-content\/uploads\/2025\/04\/DSC_3620-2048x1365.jpg 2048w, https:\/\/offb.no\/wp-content\/uploads\/2025\/04\/DSC_3620-18x12.jpg 18w, https:\/\/offb.no\/wp-content\/uploads\/2025\/04\/DSC_3620-1200x800.jpg 1200w, https:\/\/offb.no\/wp-content\/uploads\/2025\/04\/DSC_3620-1980x1320.jpg 1980w\" sizes=\"(max-width: 610px) 100vw, 610px\" \/><\/figure>\n\n\n\n<p>Konferansen sparkes i gang med beredskapsdebatt arrangert av Proactima tirsdag 13. mai klokken 19, og fortsetter med \u00e9n og en halv dags program onsdag 14. og torsdag 15. mai. Hovedtemaene er Totalforsvaret, beredskap og kapasiteter i det maritime domenet og \u00f8kt aktivitet i nord.<\/p>\n\n\n\n<p>&#8211; Vi er sv\u00e6rt forn\u00f8yde med \u00e5 ha f\u00e5tt med oss sterke beredskaps- og sikkerhetseksperter fra en rekke av de ledende olje- og gasselskapene, Statsforvalteren i Rogaland, Havindustritilsynet, Direktoratet for samfunnssikkerhet og beredskap (DSB), Kystverket, Politiets sikkerhetstjeneste (PST), akademia og n\u00e6ringslivet som foredragsholdere, sier Holmefjord.<\/p>\n\n\n\n<p>&#8211; Vi har ogs\u00e5 med oss en rekke utstillere og sponsorer som gj\u00f8r det mulig \u00e5 skape denne viktige m\u00f8teplassen, fortsetter han.<\/p>\n\n\n\n<figure class=\"wp-block-image size-large\"><img decoding=\"async\" width=\"1024\" height=\"683\" src=\"https:\/\/offb.no\/wp-content\/uploads\/2025\/04\/DSC_3659-1024x683.jpg\" alt=\"\" class=\"wp-image-2990\" srcset=\"https:\/\/offb.no\/wp-content\/uploads\/2025\/04\/DSC_3659-1024x683.jpg 1024w, https:\/\/offb.no\/wp-content\/uploads\/2025\/04\/DSC_3659-300x200.jpg 300w, https:\/\/offb.no\/wp-content\/uploads\/2025\/04\/DSC_3659-768x512.jpg 768w, https:\/\/offb.no\/wp-content\/uploads\/2025\/04\/DSC_3659-1536x1024.jpg 1536w, https:\/\/offb.no\/wp-content\/uploads\/2025\/04\/DSC_3659-2048x1365.jpg 2048w, https:\/\/offb.no\/wp-content\/uploads\/2025\/04\/DSC_3659-18x12.jpg 18w, https:\/\/offb.no\/wp-content\/uploads\/2025\/04\/DSC_3659-1200x800.jpg 1200w, https:\/\/offb.no\/wp-content\/uploads\/2025\/04\/DSC_3659-1980x1320.jpg 1980w\" sizes=\"(max-width: 1024px) 100vw, 1024px\" \/><\/figure>\n\n\n\n<p>Parallelt med Beredskapskonferansen gjennomf\u00f8res Informasjonssikkerhetskonferansen, som er en \u00e5rlig nasjonal for ledere og brukere av digitale sikkerhetssystemer, kommunikasjonsverkt\u00f8y og automatiseringsl\u00f8sninger fra alle deler av n\u00e6ringslivet.<\/p>\n\n\n\n<p>&#8211; I \u00e5r er det et spesielt fokus p\u00e5 beskyttelse av industrisystemer, it-trusler og kunstig intelligens, sier Holmefjord.&nbsp;<\/p>\n\n\n\n<p><strong>Mer informasjon: <\/strong><a href=\"https:\/\/www.beredskapskonferansen.no\/infosikkerhet\/hjem\"><strong>https:\/\/www.beredskapskonferansen.no\/infosikkerhet\/hjem<\/strong><\/a><\/p>\n\n\n\n<p>Fjor\u00e5rets konferanser samlet 300 personer p\u00e5 Clarion Hotel Air p\u00e5 Sola. Den sikkerhetspolitiske situasjonen gj\u00f8r at beredskap er i vinden som aldri f\u00f8r og det foreg\u00e5r mange konferanser og samlinger p\u00e5 alle niv\u00e5 \u2013 over hele landet.<\/p>\n\n\n\n<p>Holmefjord og Haug er likevel ikke i tvil om at Beredskapskonferansen og Informasjonssikkerhetskonferansen fyller en viktig rolle:<\/p>\n\n\n\n<p>&#8211; Konferansene og den unike m\u00f8teplassen er viktigere enn noen gang, sier Ole Jacob Haug. &nbsp;<\/p>\n\n\n\n<p><strong>Mer informasjon: <\/strong><a href=\"https:\/\/www.beredskapskonferansen.no\/billetter\"><strong>https:\/\/www.beredskapskonferansen.no\/billetter<\/strong><\/a><\/p>","protected":false},"excerpt":{"rendered":"<p>14. til 15. mai samler Beredskapskonferansen og Informasjonssikkerhetskonferansen beslutningstakere og sikkerhetseksperter fra hele landet p\u00e5 Sola for 19. gang. \u2013 Viktigere enn noen gang, sier leder for programkomiteen, Ole Jacob Haug.<\/p>","protected":false},"author":2,"featured_media":2993,"comment_status":"closed","ping_status":"","sticky":false,"template":"","format":"standard","meta":{"footnotes":""},"categories":[8],"tags":[],"class_list":["post-2988","post","type-post","status-publish","format-standard","has-post-thumbnail","hentry","category-nyheter"],"_links":{"self":[{"href":"https:\/\/offb.no\/en\/wp-json\/wp\/v2\/posts\/2988","targetHints":{"allow":["GET"]}}],"collection":[{"href":"https:\/\/offb.no\/en\/wp-json\/wp\/v2\/posts"}],"about":[{"href":"https:\/\/offb.no\/en\/wp-json\/wp\/v2\/types\/post"}],"author":[{"embeddable":true,"href":"https:\/\/offb.no\/en\/wp-json\/wp\/v2\/users\/2"}],"replies":[{"embeddable":true,"href":"https:\/\/offb.no\/en\/wp-json\/wp\/v2\/comments?post=2988"}],"version-history":[{"count":8,"href":"https:\/\/offb.no\/en\/wp-json\/wp\/v2\/posts\/2988\/revisions"}],"predecessor-version":[{"id":3010,"href":"https:\/\/offb.no\/en\/wp-json\/wp\/v2\/posts\/2988\/revisions\/3010"}],"wp:featuredmedia":[{"embeddable":true,"href":"https:\/\/offb.no\/en\/wp-json\/wp\/v2\/media\/2993"}],"wp:attachment":[{"href":"https:\/\/offb.no\/en\/wp-json\/wp\/v2\/media?parent=2988"}],"wp:term":[{"taxonomy":"category","embeddable":true,"href":"https:\/\/offb.no\/en\/wp-json\/wp\/v2\/categories?post=2988"},{"taxonomy":"post_tag","embeddable":true,"href":"https:\/\/offb.no\/en\/wp-json\/wp\/v2\/tags?post=2988"}],"curies":[{"name":"wp","href":"https:\/\/api.w.org\/{rel}","templated":true}]}}